{"id":70462,"date":"2026-05-02T07:12:14","date_gmt":"2026-05-02T07:12:14","guid":{"rendered":"https:\/\/t-golf.club\/?p=70462"},"modified":"2026-05-02T07:12:58","modified_gmt":"2026-05-02T07:12:58","slug":"campamentos-de-verano-en-t-golf-palma","status":"publish","type":"post","link":"https:\/\/t-golf.club\/es\/campamentos-de-verano-en-t-golf-palma\/","title":{"rendered":"Campamentos de verano en T Golf Palma"},"content":{"rendered":"<p class=\"font-claude-response-body break-words whitespace-normal leading-[1.7]\">Tras el \u00e9xito de los campamentos infantiles en T Golf Palma durante la Semana Santa, nos complace anunciar que volver\u00e1n este verano.<\/p>\n<p class=\"font-claude-response-body break-words whitespace-normal leading-[1.7]\">Para ni\u00f1os de 6 a 16 a\u00f1os, de lunes a viernes, de 9:00 a 15:00 h, con comida incluida. Los campamentos tendr\u00e1n lugar del 22 de junio al 31 de julio de 2026.<\/p>\n<p class=\"font-claude-response-body break-words whitespace-normal leading-[1.7]\"><strong>Importante:<\/strong> La semana del 29 de junio al 3 de julio est\u00e1 cerrada.<\/p>\n<p class=\"font-claude-response-body break-words whitespace-normal leading-[1.7]\">El precio es de 290 \u20ac por ni\u00f1o y semana. Los socios de T Golf y hermanos reciben una tarifa con descuento de 261 \u20ac por semana. Las ofertas no son acumulables.<\/p>\n<p class=\"font-claude-response-body break-words whitespace-normal leading-[1.7]\">Para m\u00e1s informaci\u00f3n o para inscribir a sus hijos, pueden contactarnos por WhatsApp en el +34 638 918 889 o por email en <a class=\"underline underline underline-offset-2 decoration-1 decoration-current\/40 hover:decoration-current focus:decoration-current\" href=\"mailto:academy.palma@t-golf.club\">academy.palma@t-golf.club<\/a>.<\/p>\n","protected":false},"excerpt":{"rendered":"<p>Tras el \u00e9xito de los campamentos infantiles en T Golf Palma durante la Semana Santa, nos complace anunciar que volver\u00e1n&#8230;<\/p>\n","protected":false},"author":268,"featured_media":70452,"comment_status":"closed","ping_status":"closed","sticky":false,"template":"","format":"standard","meta":{"_acf_changed":false,"footnotes":""},"categories":[38,82],"tags":[],"class_list":["post-70462","post","type-post","status-publish","format-standard","has-post-thumbnail","hentry","category-noticias","category-palma-es"],"acf":{"data_custom":"","course":"T Golf Palma ","subtitle":"","quotes":false,"gallery":[{"ID":70452,"id":70452,"title":"Summer Camp TGP_ESP","filename":"Summer-Camp-TGP_ESP.jpg","filesize":543709,"url":"https:\/\/t-golf.club\/wp-content\/uploads\/2026\/05\/Summer-Camp-TGP_ESP.jpg","link":"https:\/\/t-golf.club\/es\/member-news\/campamentos-de-verano-en-t-golf-palma\/summer-camp-tgp_esp-2\/","alt":"","author":"268","description":"","caption":"","name":"summer-camp-tgp_esp-2","status":"inherit","uploaded_to":70457,"date":"2026-05-02 07:05:00","modified":"2026-05-02 07:11:50","menu_order":0,"mime_type":"image\/jpeg","type":"image","subtype":"jpeg","icon":"https:\/\/t-golf.club\/wp-includes\/images\/media\/default.png","width":1415,"height":2000,"sizes":{"thumbnail":"https:\/\/t-golf.club\/wp-content\/uploads\/2026\/05\/Summer-Camp-TGP_ESP-100x100.jpg","thumbnail-width":100,"thumbnail-height":100,"medium":"https:\/\/t-golf.club\/wp-content\/uploads\/2026\/05\/Summer-Camp-TGP_ESP-724x1024.jpg","medium-width":724,"medium-height":1024,"medium_large":"https:\/\/t-golf.club\/wp-content\/uploads\/2026\/05\/Summer-Camp-TGP_ESP-768x1086.jpg","medium_large-width":768,"medium_large-height":1086,"large":"https:\/\/t-golf.club\/wp-content\/uploads\/2026\/05\/Summer-Camp-TGP_ESP.jpg","large-width":1415,"large-height":2000,"1536x1536":"https:\/\/t-golf.club\/wp-content\/uploads\/2026\/05\/Summer-Camp-TGP_ESP-1087x1536.jpg","1536x1536-width":1087,"1536x1536-height":1536,"2048x2048":"https:\/\/t-golf.club\/wp-content\/uploads\/2026\/05\/Summer-Camp-TGP_ESP.jpg","2048x2048-width":1415,"2048x2048-height":2000}}],"hero_image":70455,"wp_nav_image":false},"yoast_head":"<title>Campamentos de verano en T Golf Palma - T Golf<\/title>\n<meta name=\"robots\" content=\"index, follow, max-snippet:-1, max-image-preview:large, max-video-preview:-1\" \/>\n<link rel=\"canonical\" href=\"https:\/\/t-golf.club\/es\/campamentos-de-verano-en-t-golf-palma\/\" \/>\n<meta property=\"og:locale\" content=\"es_ES\" \/>\n<meta property=\"og:type\" content=\"article\" \/>\n<meta property=\"og:title\" content=\"Campamentos de verano en T Golf Palma - T Golf\" \/>\n<meta property=\"og:description\" content=\"Tras el \u00e9xito de los campamentos infantiles en T Golf Palma durante la Semana Santa, nos complace anunciar que volver\u00e1n...\" \/>\n<meta property=\"og:url\" content=\"https:\/\/t-golf.club\/es\/campamentos-de-verano-en-t-golf-palma\/\" \/>\n<meta property=\"og:site_name\" content=\"T Golf\" \/>\n<meta property=\"article:published_time\" content=\"2026-05-02T07:12:14+00:00\" \/>\n<meta property=\"article:modified_time\" content=\"2026-05-02T07:12:58+00:00\" \/>\n<meta property=\"og:image\" content=\"https:\/\/t-golf.club\/wp-content\/uploads\/2026\/05\/Summer-Camp-TGP_ESP.jpg\" \/>\n\t<meta property=\"og:image:width\" content=\"1415\" \/>\n\t<meta property=\"og:image:height\" content=\"2000\" \/>\n\t<meta property=\"og:image:type\" content=\"image\/jpeg\" \/>\n<meta name=\"author\" content=\"Elena Maria Schmidkunz\" \/>\n<meta name=\"twitter:card\" content=\"summary_large_image\" \/>\n<meta name=\"twitter:label1\" content=\"Escrito por\" \/>\n\t<meta name=\"twitter:data1\" content=\"Elena Maria Schmidkunz\" \/>\n\t<meta name=\"twitter:label2\" content=\"Tiempo de lectura\" \/>\n\t<meta name=\"twitter:data2\" content=\"2 minutos\" \/>\n<script type=\"application\/ld+json\" class=\"yoast-schema-graph\">{\"@context\":\"https:\\\/\\\/schema.org\",\"@graph\":[{\"@type\":\"Article\",\"@id\":\"https:\\\/\\\/t-golf.club\\\/es\\\/campamentos-de-verano-en-t-golf-palma\\\/#article\",\"isPartOf\":{\"@id\":\"https:\\\/\\\/t-golf.club\\\/es\\\/campamentos-de-verano-en-t-golf-palma\\\/\"},\"author\":{\"name\":\"Elena Maria Schmidkunz\",\"@id\":\"https:\\\/\\\/t-golf.club\\\/es\\\/#\\\/schema\\\/person\\\/a11f65ac40d9b6f09ee7e4199a0a3e5d\"},\"headline\":\"Campamentos de verano en T Golf Palma\",\"datePublished\":\"2026-05-02T07:12:14+00:00\",\"dateModified\":\"2026-05-02T07:12:58+00:00\",\"mainEntityOfPage\":{\"@id\":\"https:\\\/\\\/t-golf.club\\\/es\\\/campamentos-de-verano-en-t-golf-palma\\\/\"},\"wordCount\":124,\"image\":{\"@id\":\"https:\\\/\\\/t-golf.club\\\/es\\\/campamentos-de-verano-en-t-golf-palma\\\/#primaryimage\"},\"thumbnailUrl\":\"https:\\\/\\\/t-golf.club\\\/wp-content\\\/uploads\\\/2026\\\/05\\\/Summer-Camp-TGP_ESP.jpg\",\"articleSection\":[\"Noticias\",\"T Golf Palma\"],\"inLanguage\":\"es\"},{\"@type\":\"WebPage\",\"@id\":\"https:\\\/\\\/t-golf.club\\\/es\\\/campamentos-de-verano-en-t-golf-palma\\\/\",\"url\":\"https:\\\/\\\/t-golf.club\\\/es\\\/campamentos-de-verano-en-t-golf-palma\\\/\",\"name\":\"Campamentos de verano en T Golf Palma - T Golf\",\"isPartOf\":{\"@id\":\"https:\\\/\\\/t-golf.club\\\/es\\\/#website\"},\"primaryImageOfPage\":{\"@id\":\"https:\\\/\\\/t-golf.club\\\/es\\\/campamentos-de-verano-en-t-golf-palma\\\/#primaryimage\"},\"image\":{\"@id\":\"https:\\\/\\\/t-golf.club\\\/es\\\/campamentos-de-verano-en-t-golf-palma\\\/#primaryimage\"},\"thumbnailUrl\":\"https:\\\/\\\/t-golf.club\\\/wp-content\\\/uploads\\\/2026\\\/05\\\/Summer-Camp-TGP_ESP.jpg\",\"datePublished\":\"2026-05-02T07:12:14+00:00\",\"dateModified\":\"2026-05-02T07:12:58+00:00\",\"author\":{\"@id\":\"https:\\\/\\\/t-golf.club\\\/es\\\/#\\\/schema\\\/person\\\/a11f65ac40d9b6f09ee7e4199a0a3e5d\"},\"breadcrumb\":{\"@id\":\"https:\\\/\\\/t-golf.club\\\/es\\\/campamentos-de-verano-en-t-golf-palma\\\/#breadcrumb\"},\"inLanguage\":\"es\",\"potentialAction\":[{\"@type\":\"ReadAction\",\"target\":[\"https:\\\/\\\/t-golf.club\\\/es\\\/campamentos-de-verano-en-t-golf-palma\\\/\"]}]},{\"@type\":\"ImageObject\",\"inLanguage\":\"es\",\"@id\":\"https:\\\/\\\/t-golf.club\\\/es\\\/campamentos-de-verano-en-t-golf-palma\\\/#primaryimage\",\"url\":\"https:\\\/\\\/t-golf.club\\\/wp-content\\\/uploads\\\/2026\\\/05\\\/Summer-Camp-TGP_ESP.jpg\",\"contentUrl\":\"https:\\\/\\\/t-golf.club\\\/wp-content\\\/uploads\\\/2026\\\/05\\\/Summer-Camp-TGP_ESP.jpg\",\"width\":1415,\"height\":2000},{\"@type\":\"BreadcrumbList\",\"@id\":\"https:\\\/\\\/t-golf.club\\\/es\\\/campamentos-de-verano-en-t-golf-palma\\\/#breadcrumb\",\"itemListElement\":[{\"@type\":\"ListItem\",\"position\":1,\"name\":\"Home\",\"item\":\"https:\\\/\\\/t-golf.club\\\/es\\\/\"},{\"@type\":\"ListItem\",\"position\":2,\"name\":\"Campamentos de verano en T Golf Palma\"}]},{\"@type\":\"WebSite\",\"@id\":\"https:\\\/\\\/t-golf.club\\\/es\\\/#website\",\"url\":\"https:\\\/\\\/t-golf.club\\\/es\\\/\",\"name\":\"T Golf\",\"description\":\"\",\"inLanguage\":\"es\"},{\"@type\":\"Person\",\"@id\":\"https:\\\/\\\/t-golf.club\\\/es\\\/#\\\/schema\\\/person\\\/a11f65ac40d9b6f09ee7e4199a0a3e5d\",\"name\":\"Elena Maria Schmidkunz\",\"url\":\"https:\\\/\\\/t-golf.club\\\/es\\\/author\\\/elena\\\/\"}]}<\/script>","yoast_head_json":{"title":"Campamentos de verano en T Golf Palma - T Golf","robots":{"index":"index","follow":"follow","max-snippet":"max-snippet:-1","max-image-preview":"max-image-preview:large","max-video-preview":"max-video-preview:-1"},"canonical":"https:\/\/t-golf.club\/es\/campamentos-de-verano-en-t-golf-palma\/","og_locale":"es_ES","og_type":"article","og_title":"Campamentos de verano en T Golf Palma - T Golf","og_description":"Tras el \u00e9xito de los campamentos infantiles en T Golf Palma durante la Semana Santa, nos complace anunciar que volver\u00e1n...","og_url":"https:\/\/t-golf.club\/es\/campamentos-de-verano-en-t-golf-palma\/","og_site_name":"T Golf","article_published_time":"2026-05-02T07:12:14+00:00","article_modified_time":"2026-05-02T07:12:58+00:00","og_image":[{"width":1415,"height":2000,"url":"https:\/\/t-golf.club\/wp-content\/uploads\/2026\/05\/Summer-Camp-TGP_ESP.jpg","type":"image\/jpeg"}],"author":"Elena Maria Schmidkunz","twitter_card":"summary_large_image","twitter_misc":{"Escrito por":"Elena Maria Schmidkunz","Tiempo de lectura":"2 minutos"},"schema":{"@context":"https:\/\/schema.org","@graph":[{"@type":"Article","@id":"https:\/\/t-golf.club\/es\/campamentos-de-verano-en-t-golf-palma\/#article","isPartOf":{"@id":"https:\/\/t-golf.club\/es\/campamentos-de-verano-en-t-golf-palma\/"},"author":{"name":"Elena Maria Schmidkunz","@id":"https:\/\/t-golf.club\/es\/#\/schema\/person\/a11f65ac40d9b6f09ee7e4199a0a3e5d"},"headline":"Campamentos de verano en T Golf Palma","datePublished":"2026-05-02T07:12:14+00:00","dateModified":"2026-05-02T07:12:58+00:00","mainEntityOfPage":{"@id":"https:\/\/t-golf.club\/es\/campamentos-de-verano-en-t-golf-palma\/"},"wordCount":124,"image":{"@id":"https:\/\/t-golf.club\/es\/campamentos-de-verano-en-t-golf-palma\/#primaryimage"},"thumbnailUrl":"https:\/\/t-golf.club\/wp-content\/uploads\/2026\/05\/Summer-Camp-TGP_ESP.jpg","articleSection":["Noticias","T Golf Palma"],"inLanguage":"es"},{"@type":"WebPage","@id":"https:\/\/t-golf.club\/es\/campamentos-de-verano-en-t-golf-palma\/","url":"https:\/\/t-golf.club\/es\/campamentos-de-verano-en-t-golf-palma\/","name":"Campamentos de verano en T Golf Palma - T Golf","isPartOf":{"@id":"https:\/\/t-golf.club\/es\/#website"},"primaryImageOfPage":{"@id":"https:\/\/t-golf.club\/es\/campamentos-de-verano-en-t-golf-palma\/#primaryimage"},"image":{"@id":"https:\/\/t-golf.club\/es\/campamentos-de-verano-en-t-golf-palma\/#primaryimage"},"thumbnailUrl":"https:\/\/t-golf.club\/wp-content\/uploads\/2026\/05\/Summer-Camp-TGP_ESP.jpg","datePublished":"2026-05-02T07:12:14+00:00","dateModified":"2026-05-02T07:12:58+00:00","author":{"@id":"https:\/\/t-golf.club\/es\/#\/schema\/person\/a11f65ac40d9b6f09ee7e4199a0a3e5d"},"breadcrumb":{"@id":"https:\/\/t-golf.club\/es\/campamentos-de-verano-en-t-golf-palma\/#breadcrumb"},"inLanguage":"es","potentialAction":[{"@type":"ReadAction","target":["https:\/\/t-golf.club\/es\/campamentos-de-verano-en-t-golf-palma\/"]}]},{"@type":"ImageObject","inLanguage":"es","@id":"https:\/\/t-golf.club\/es\/campamentos-de-verano-en-t-golf-palma\/#primaryimage","url":"https:\/\/t-golf.club\/wp-content\/uploads\/2026\/05\/Summer-Camp-TGP_ESP.jpg","contentUrl":"https:\/\/t-golf.club\/wp-content\/uploads\/2026\/05\/Summer-Camp-TGP_ESP.jpg","width":1415,"height":2000},{"@type":"BreadcrumbList","@id":"https:\/\/t-golf.club\/es\/campamentos-de-verano-en-t-golf-palma\/#breadcrumb","itemListElement":[{"@type":"ListItem","position":1,"name":"Home","item":"https:\/\/t-golf.club\/es\/"},{"@type":"ListItem","position":2,"name":"Campamentos de verano en T Golf Palma"}]},{"@type":"WebSite","@id":"https:\/\/t-golf.club\/es\/#website","url":"https:\/\/t-golf.club\/es\/","name":"T Golf","description":"","inLanguage":"es"},{"@type":"Person","@id":"https:\/\/t-golf.club\/es\/#\/schema\/person\/a11f65ac40d9b6f09ee7e4199a0a3e5d","name":"Elena Maria Schmidkunz","url":"https:\/\/t-golf.club\/es\/author\/elena\/"}]}},"_links":{"self":[{"href":"https:\/\/t-golf.club\/es\/wp-json\/wp\/v2\/posts\/70462","targetHints":{"allow":["GET"]}}],"collection":[{"href":"https:\/\/t-golf.club\/es\/wp-json\/wp\/v2\/posts"}],"about":[{"href":"https:\/\/t-golf.club\/es\/wp-json\/wp\/v2\/types\/post"}],"author":[{"embeddable":true,"href":"https:\/\/t-golf.club\/es\/wp-json\/wp\/v2\/users\/268"}],"replies":[{"embeddable":true,"href":"https:\/\/t-golf.club\/es\/wp-json\/wp\/v2\/comments?post=70462"}],"version-history":[{"count":1,"href":"https:\/\/t-golf.club\/es\/wp-json\/wp\/v2\/posts\/70462\/revisions"}],"predecessor-version":[{"id":70463,"href":"https:\/\/t-golf.club\/es\/wp-json\/wp\/v2\/posts\/70462\/revisions\/70463"}],"wp:featuredmedia":[{"embeddable":true,"href":"https:\/\/t-golf.club\/es\/wp-json\/wp\/v2\/media\/70452"}],"wp:attachment":[{"href":"https:\/\/t-golf.club\/es\/wp-json\/wp\/v2\/media?parent=70462"}],"wp:term":[{"taxonomy":"category","embeddable":true,"href":"https:\/\/t-golf.club\/es\/wp-json\/wp\/v2\/categories?post=70462"},{"taxonomy":"post_tag","embeddable":true,"href":"https:\/\/t-golf.club\/es\/wp-json\/wp\/v2\/tags?post=70462"}],"curies":[{"name":"wp","href":"https:\/\/api.w.org\/{rel}","templated":true}]}}