{"id":33567,"date":"2023-12-18T15:17:22","date_gmt":"2023-12-18T15:17:22","guid":{"rendered":"https:\/\/t-golf.club\/?p=33567"},"modified":"2024-01-11T13:46:20","modified_gmt":"2024-01-11T13:46:20","slug":"semana-de-san-sebastian-en-t-golf-palma-puntiro","status":"publish","type":"post","link":"https:\/\/t-golf.club\/es\/semana-de-san-sebastian-en-t-golf-palma-puntiro\/","title":{"rendered":"Semana de San Sebasti\u00e1n en T Club"},"content":{"rendered":"<p>Los d\u00edas festivos a\u00fan no han terminado en Mallorca. Todav\u00eda nos queda por delante la festividad de San Sebasti\u00e1n, patr\u00f3n de Palma. S\u00ed, justo cuando piensas que la Navidad, los Reyes Magos y Sant Antoni han quedado atr\u00e1s, Palma se pone en modo fiesta.<\/p>\n<p>En <strong>T Golf Palma Puntiro<\/strong> celebramos las fiestas con una oferta muy especial: <strong>75 \u20ac por greenfee<\/strong>, y en <strong>T Golf Calvia: 85 \u20ac por greenfee<\/strong>.<\/p>\n<p>Tambi\u00e9n ofrecemos un men\u00fa donostiarra en T-elicious Palma para entrar en ambiente. Disfruten de un maravilloso men\u00fa de tres platos por 30 \u20ac, mientras en T-elicious Calvia es de 35 \u20ac.<\/p>\n<p>Esta oferta es v\u00e1lida toda la semana (del 15\/01 al 21\/01\/2024).<\/p>\n<p><strong><a href=\"https:\/\/tgolfpalma.golfmanager.com\/consumer\/ebookings?date=2024-01-21\">Reservar ahora en T Golf Palma Puntiro<\/a><br \/>\n<\/strong><\/p>\n<p><a href=\"https:\/\/tgolf.golfmanager.com\/consumer\/ebookings?i=1&amp;resourcetype=1&amp;date=2024-01-21\"><strong>Reservar ahora en T Golf Calvia\u00a0<\/strong><\/a><\/p>\n","protected":false},"excerpt":{"rendered":"<p>Los d\u00edas festivos a\u00fan no han terminado en Mallorca. Todav\u00eda nos queda por delante la festividad de San Sebasti\u00e1n, patr\u00f3n&#8230;<\/p>\n","protected":false},"author":268,"featured_media":34393,"comment_status":"closed","ping_status":"closed","sticky":false,"template":"","format":"standard","meta":{"_acf_changed":false,"footnotes":""},"categories":[38,78,82],"tags":[],"class_list":["post-33567","post","type-post","status-publish","format-standard","has-post-thumbnail","hentry","category-noticias","category-calvia-es","category-palma-es"],"acf":{"data_custom":"","course":"","subtitle":"","quotes":false,"gallery":[{"ID":34393,"id":34393,"title":"San Sebastian_TG Palma_ESP","filename":"San-Sebastian_TG-Palma_ESP-1.jpg","filesize":116051,"url":"https:\/\/t-golf.club\/wp-content\/uploads\/2023\/12\/San-Sebastian_TG-Palma_ESP-1.jpg","link":"https:\/\/t-golf.club\/es\/offers\/semana-de-san-sebastian\/san-sebastian_tg-palma_esp-2\/","alt":"","author":"268","description":"","caption":"","name":"san-sebastian_tg-palma_esp-2","status":"inherit","uploaded_to":33552,"date":"2024-01-11 11:53:34","modified":"2024-01-11 13:40:44","menu_order":0,"mime_type":"image\/jpeg","type":"image","subtype":"jpeg","icon":"https:\/\/t-golf.club\/wp-includes\/images\/media\/default.png","width":1080,"height":1080,"sizes":{"thumbnail":"https:\/\/t-golf.club\/wp-content\/uploads\/2023\/12\/San-Sebastian_TG-Palma_ESP-1-100x100.jpg","thumbnail-width":100,"thumbnail-height":100,"medium":"https:\/\/t-golf.club\/wp-content\/uploads\/2023\/12\/San-Sebastian_TG-Palma_ESP-1-1024x1024.jpg","medium-width":1024,"medium-height":1024,"medium_large":"https:\/\/t-golf.club\/wp-content\/uploads\/2023\/12\/San-Sebastian_TG-Palma_ESP-1-768x768.jpg","medium_large-width":768,"medium_large-height":768,"large":"https:\/\/t-golf.club\/wp-content\/uploads\/2023\/12\/San-Sebastian_TG-Palma_ESP-1.jpg","large-width":1080,"large-height":1080,"1536x1536":"https:\/\/t-golf.club\/wp-content\/uploads\/2023\/12\/San-Sebastian_TG-Palma_ESP-1.jpg","1536x1536-width":1080,"1536x1536-height":1080,"2048x2048":"https:\/\/t-golf.club\/wp-content\/uploads\/2023\/12\/San-Sebastian_TG-Palma_ESP-1.jpg","2048x2048-width":1080,"2048x2048-height":1080}}],"hero_image":false,"wp_nav_image":false},"yoast_head":"<title>Semana de San Sebasti\u00e1n en T Club - T Golf<\/title>\n<meta name=\"robots\" content=\"index, follow, max-snippet:-1, max-image-preview:large, max-video-preview:-1\" \/>\n<link rel=\"canonical\" href=\"https:\/\/t-golf.club\/es\/semana-de-san-sebastian-en-t-golf-palma-puntiro\/\" \/>\n<meta property=\"og:locale\" content=\"es_ES\" \/>\n<meta property=\"og:type\" content=\"article\" \/>\n<meta property=\"og:title\" content=\"Semana de San Sebasti\u00e1n en T Club - T Golf\" \/>\n<meta property=\"og:description\" content=\"Los d\u00edas festivos a\u00fan no han terminado en Mallorca. Todav\u00eda nos queda por delante la festividad de San Sebasti\u00e1n, patr\u00f3n...\" \/>\n<meta property=\"og:url\" content=\"https:\/\/t-golf.club\/es\/semana-de-san-sebastian-en-t-golf-palma-puntiro\/\" \/>\n<meta property=\"og:site_name\" content=\"T Golf\" \/>\n<meta property=\"article:published_time\" content=\"2023-12-18T15:17:22+00:00\" \/>\n<meta property=\"article:modified_time\" content=\"2024-01-11T13:46:20+00:00\" \/>\n<meta property=\"og:image\" content=\"https:\/\/t-golf.club\/wp-content\/uploads\/2023\/12\/San-Sebastian_TG-Palma_ESP-1.jpg\" \/>\n\t<meta property=\"og:image:width\" content=\"1080\" \/>\n\t<meta property=\"og:image:height\" content=\"1080\" \/>\n\t<meta property=\"og:image:type\" content=\"image\/jpeg\" \/>\n<meta name=\"author\" content=\"Elena Maria Schmidkunz\" \/>\n<meta name=\"twitter:card\" content=\"summary_large_image\" \/>\n<meta name=\"twitter:label1\" content=\"Escrito por\" \/>\n\t<meta name=\"twitter:data1\" content=\"Elena Maria Schmidkunz\" \/>\n\t<meta name=\"twitter:label2\" content=\"Tiempo de lectura\" \/>\n\t<meta name=\"twitter:data2\" content=\"1 minuto\" \/>\n<script type=\"application\/ld+json\" class=\"yoast-schema-graph\">{\"@context\":\"https:\\\/\\\/schema.org\",\"@graph\":[{\"@type\":\"Article\",\"@id\":\"https:\\\/\\\/t-golf.club\\\/es\\\/semana-de-san-sebastian-en-t-golf-palma-puntiro\\\/#article\",\"isPartOf\":{\"@id\":\"https:\\\/\\\/t-golf.club\\\/es\\\/semana-de-san-sebastian-en-t-golf-palma-puntiro\\\/\"},\"author\":{\"name\":\"Elena Maria Schmidkunz\",\"@id\":\"https:\\\/\\\/t-golf.club\\\/es\\\/#\\\/schema\\\/person\\\/a11f65ac40d9b6f09ee7e4199a0a3e5d\"},\"headline\":\"Semana de San Sebasti\u00e1n en T Club\",\"datePublished\":\"2023-12-18T15:17:22+00:00\",\"dateModified\":\"2024-01-11T13:46:20+00:00\",\"mainEntityOfPage\":{\"@id\":\"https:\\\/\\\/t-golf.club\\\/es\\\/semana-de-san-sebastian-en-t-golf-palma-puntiro\\\/\"},\"wordCount\":131,\"image\":{\"@id\":\"https:\\\/\\\/t-golf.club\\\/es\\\/semana-de-san-sebastian-en-t-golf-palma-puntiro\\\/#primaryimage\"},\"thumbnailUrl\":\"https:\\\/\\\/t-golf.club\\\/wp-content\\\/uploads\\\/2023\\\/12\\\/San-Sebastian_TG-Palma_ESP-1.jpg\",\"articleSection\":[\"Noticias\",\"T Golf Calvia\",\"T Golf Palma\"],\"inLanguage\":\"es\"},{\"@type\":\"WebPage\",\"@id\":\"https:\\\/\\\/t-golf.club\\\/es\\\/semana-de-san-sebastian-en-t-golf-palma-puntiro\\\/\",\"url\":\"https:\\\/\\\/t-golf.club\\\/es\\\/semana-de-san-sebastian-en-t-golf-palma-puntiro\\\/\",\"name\":\"Semana de San Sebasti\u00e1n en T Club - T Golf\",\"isPartOf\":{\"@id\":\"https:\\\/\\\/t-golf.club\\\/es\\\/#website\"},\"primaryImageOfPage\":{\"@id\":\"https:\\\/\\\/t-golf.club\\\/es\\\/semana-de-san-sebastian-en-t-golf-palma-puntiro\\\/#primaryimage\"},\"image\":{\"@id\":\"https:\\\/\\\/t-golf.club\\\/es\\\/semana-de-san-sebastian-en-t-golf-palma-puntiro\\\/#primaryimage\"},\"thumbnailUrl\":\"https:\\\/\\\/t-golf.club\\\/wp-content\\\/uploads\\\/2023\\\/12\\\/San-Sebastian_TG-Palma_ESP-1.jpg\",\"datePublished\":\"2023-12-18T15:17:22+00:00\",\"dateModified\":\"2024-01-11T13:46:20+00:00\",\"author\":{\"@id\":\"https:\\\/\\\/t-golf.club\\\/es\\\/#\\\/schema\\\/person\\\/a11f65ac40d9b6f09ee7e4199a0a3e5d\"},\"breadcrumb\":{\"@id\":\"https:\\\/\\\/t-golf.club\\\/es\\\/semana-de-san-sebastian-en-t-golf-palma-puntiro\\\/#breadcrumb\"},\"inLanguage\":\"es\",\"potentialAction\":[{\"@type\":\"ReadAction\",\"target\":[\"https:\\\/\\\/t-golf.club\\\/es\\\/semana-de-san-sebastian-en-t-golf-palma-puntiro\\\/\"]}]},{\"@type\":\"ImageObject\",\"inLanguage\":\"es\",\"@id\":\"https:\\\/\\\/t-golf.club\\\/es\\\/semana-de-san-sebastian-en-t-golf-palma-puntiro\\\/#primaryimage\",\"url\":\"https:\\\/\\\/t-golf.club\\\/wp-content\\\/uploads\\\/2023\\\/12\\\/San-Sebastian_TG-Palma_ESP-1.jpg\",\"contentUrl\":\"https:\\\/\\\/t-golf.club\\\/wp-content\\\/uploads\\\/2023\\\/12\\\/San-Sebastian_TG-Palma_ESP-1.jpg\",\"width\":1080,\"height\":1080},{\"@type\":\"BreadcrumbList\",\"@id\":\"https:\\\/\\\/t-golf.club\\\/es\\\/semana-de-san-sebastian-en-t-golf-palma-puntiro\\\/#breadcrumb\",\"itemListElement\":[{\"@type\":\"ListItem\",\"position\":1,\"name\":\"Home\",\"item\":\"https:\\\/\\\/t-golf.club\\\/es\\\/\"},{\"@type\":\"ListItem\",\"position\":2,\"name\":\"Semana de San Sebasti\u00e1n en T Club\"}]},{\"@type\":\"WebSite\",\"@id\":\"https:\\\/\\\/t-golf.club\\\/es\\\/#website\",\"url\":\"https:\\\/\\\/t-golf.club\\\/es\\\/\",\"name\":\"T Golf\",\"description\":\"\",\"inLanguage\":\"es\"},{\"@type\":\"Person\",\"@id\":\"https:\\\/\\\/t-golf.club\\\/es\\\/#\\\/schema\\\/person\\\/a11f65ac40d9b6f09ee7e4199a0a3e5d\",\"name\":\"Elena Maria Schmidkunz\",\"url\":\"https:\\\/\\\/t-golf.club\\\/es\\\/author\\\/elena\\\/\"}]}<\/script>","yoast_head_json":{"title":"Semana de San Sebasti\u00e1n en T Club - T Golf","robots":{"index":"index","follow":"follow","max-snippet":"max-snippet:-1","max-image-preview":"max-image-preview:large","max-video-preview":"max-video-preview:-1"},"canonical":"https:\/\/t-golf.club\/es\/semana-de-san-sebastian-en-t-golf-palma-puntiro\/","og_locale":"es_ES","og_type":"article","og_title":"Semana de San Sebasti\u00e1n en T Club - T Golf","og_description":"Los d\u00edas festivos a\u00fan no han terminado en Mallorca. Todav\u00eda nos queda por delante la festividad de San Sebasti\u00e1n, patr\u00f3n...","og_url":"https:\/\/t-golf.club\/es\/semana-de-san-sebastian-en-t-golf-palma-puntiro\/","og_site_name":"T Golf","article_published_time":"2023-12-18T15:17:22+00:00","article_modified_time":"2024-01-11T13:46:20+00:00","og_image":[{"width":1080,"height":1080,"url":"https:\/\/t-golf.club\/wp-content\/uploads\/2023\/12\/San-Sebastian_TG-Palma_ESP-1.jpg","type":"image\/jpeg"}],"author":"Elena Maria Schmidkunz","twitter_card":"summary_large_image","twitter_misc":{"Escrito por":"Elena Maria Schmidkunz","Tiempo de lectura":"1 minuto"},"schema":{"@context":"https:\/\/schema.org","@graph":[{"@type":"Article","@id":"https:\/\/t-golf.club\/es\/semana-de-san-sebastian-en-t-golf-palma-puntiro\/#article","isPartOf":{"@id":"https:\/\/t-golf.club\/es\/semana-de-san-sebastian-en-t-golf-palma-puntiro\/"},"author":{"name":"Elena Maria Schmidkunz","@id":"https:\/\/t-golf.club\/es\/#\/schema\/person\/a11f65ac40d9b6f09ee7e4199a0a3e5d"},"headline":"Semana de San Sebasti\u00e1n en T Club","datePublished":"2023-12-18T15:17:22+00:00","dateModified":"2024-01-11T13:46:20+00:00","mainEntityOfPage":{"@id":"https:\/\/t-golf.club\/es\/semana-de-san-sebastian-en-t-golf-palma-puntiro\/"},"wordCount":131,"image":{"@id":"https:\/\/t-golf.club\/es\/semana-de-san-sebastian-en-t-golf-palma-puntiro\/#primaryimage"},"thumbnailUrl":"https:\/\/t-golf.club\/wp-content\/uploads\/2023\/12\/San-Sebastian_TG-Palma_ESP-1.jpg","articleSection":["Noticias","T Golf Calvia","T Golf Palma"],"inLanguage":"es"},{"@type":"WebPage","@id":"https:\/\/t-golf.club\/es\/semana-de-san-sebastian-en-t-golf-palma-puntiro\/","url":"https:\/\/t-golf.club\/es\/semana-de-san-sebastian-en-t-golf-palma-puntiro\/","name":"Semana de San Sebasti\u00e1n en T Club - T Golf","isPartOf":{"@id":"https:\/\/t-golf.club\/es\/#website"},"primaryImageOfPage":{"@id":"https:\/\/t-golf.club\/es\/semana-de-san-sebastian-en-t-golf-palma-puntiro\/#primaryimage"},"image":{"@id":"https:\/\/t-golf.club\/es\/semana-de-san-sebastian-en-t-golf-palma-puntiro\/#primaryimage"},"thumbnailUrl":"https:\/\/t-golf.club\/wp-content\/uploads\/2023\/12\/San-Sebastian_TG-Palma_ESP-1.jpg","datePublished":"2023-12-18T15:17:22+00:00","dateModified":"2024-01-11T13:46:20+00:00","author":{"@id":"https:\/\/t-golf.club\/es\/#\/schema\/person\/a11f65ac40d9b6f09ee7e4199a0a3e5d"},"breadcrumb":{"@id":"https:\/\/t-golf.club\/es\/semana-de-san-sebastian-en-t-golf-palma-puntiro\/#breadcrumb"},"inLanguage":"es","potentialAction":[{"@type":"ReadAction","target":["https:\/\/t-golf.club\/es\/semana-de-san-sebastian-en-t-golf-palma-puntiro\/"]}]},{"@type":"ImageObject","inLanguage":"es","@id":"https:\/\/t-golf.club\/es\/semana-de-san-sebastian-en-t-golf-palma-puntiro\/#primaryimage","url":"https:\/\/t-golf.club\/wp-content\/uploads\/2023\/12\/San-Sebastian_TG-Palma_ESP-1.jpg","contentUrl":"https:\/\/t-golf.club\/wp-content\/uploads\/2023\/12\/San-Sebastian_TG-Palma_ESP-1.jpg","width":1080,"height":1080},{"@type":"BreadcrumbList","@id":"https:\/\/t-golf.club\/es\/semana-de-san-sebastian-en-t-golf-palma-puntiro\/#breadcrumb","itemListElement":[{"@type":"ListItem","position":1,"name":"Home","item":"https:\/\/t-golf.club\/es\/"},{"@type":"ListItem","position":2,"name":"Semana de San Sebasti\u00e1n en T Club"}]},{"@type":"WebSite","@id":"https:\/\/t-golf.club\/es\/#website","url":"https:\/\/t-golf.club\/es\/","name":"T Golf","description":"","inLanguage":"es"},{"@type":"Person","@id":"https:\/\/t-golf.club\/es\/#\/schema\/person\/a11f65ac40d9b6f09ee7e4199a0a3e5d","name":"Elena Maria Schmidkunz","url":"https:\/\/t-golf.club\/es\/author\/elena\/"}]}},"_links":{"self":[{"href":"https:\/\/t-golf.club\/es\/wp-json\/wp\/v2\/posts\/33567","targetHints":{"allow":["GET"]}}],"collection":[{"href":"https:\/\/t-golf.club\/es\/wp-json\/wp\/v2\/posts"}],"about":[{"href":"https:\/\/t-golf.club\/es\/wp-json\/wp\/v2\/types\/post"}],"author":[{"embeddable":true,"href":"https:\/\/t-golf.club\/es\/wp-json\/wp\/v2\/users\/268"}],"replies":[{"embeddable":true,"href":"https:\/\/t-golf.club\/es\/wp-json\/wp\/v2\/comments?post=33567"}],"version-history":[{"count":2,"href":"https:\/\/t-golf.club\/es\/wp-json\/wp\/v2\/posts\/33567\/revisions"}],"predecessor-version":[{"id":34404,"href":"https:\/\/t-golf.club\/es\/wp-json\/wp\/v2\/posts\/33567\/revisions\/34404"}],"wp:featuredmedia":[{"embeddable":true,"href":"https:\/\/t-golf.club\/es\/wp-json\/wp\/v2\/media\/34393"}],"wp:attachment":[{"href":"https:\/\/t-golf.club\/es\/wp-json\/wp\/v2\/media?parent=33567"}],"wp:term":[{"taxonomy":"category","embeddable":true,"href":"https:\/\/t-golf.club\/es\/wp-json\/wp\/v2\/categories?post=33567"},{"taxonomy":"post_tag","embeddable":true,"href":"https:\/\/t-golf.club\/es\/wp-json\/wp\/v2\/tags?post=33567"}],"curies":[{"name":"wp","href":"https:\/\/api.w.org\/{rel}","templated":true}]}}