{"id":70369,"date":"2026-04-30T06:53:52","date_gmt":"2026-04-30T06:53:52","guid":{"rendered":"https:\/\/t-golf.club\/?p=70369"},"modified":"2026-04-30T06:53:52","modified_gmt":"2026-04-30T06:53:52","slug":"unser-neuer-chef-im-t-elicious-palma","status":"publish","type":"post","link":"https:\/\/t-golf.club\/de\/unser-neuer-chef-im-t-elicious-palma\/","title":{"rendered":"Unser neuer Chef im T-elicious Palma"},"content":{"rendered":"<p style=\"text-align: center;\"><strong>Alfonso Ocejo \u00fcbernimmt die Leitung der K\u00fcche<\/strong><\/p>\n<p>Wir freuen uns, Alfonso Ocejo als neuen Chef im T-elicious Palma vorzustellen. Mit 25 Jahren bringt Alfonso bereits eine beeindruckende Laufbahn in einigen der besten K\u00fcchen Mallorcas mit: von Mart\u00edn Berasategui \u00fcber japanische K\u00fcche in der Izakaya bis hin zur Position des zweiten K\u00fcchenchefs im lebendigen Morralla.<\/p>\n<p>Seine klare Mission: das Stigma der &#8220;Golf-Gastronomie&#8221; zu durchbrechen. Alfonso setzt auf hochwertige Zutaten, pr\u00e4zise Technik und Aromen, die den Besuch wert sind. Die neue Karte wird kompakt sein, aber jedes Gericht \u2013 vom perfekt zubereiteten Sandwich bis zur Lubina a la Donostiarra \u2013 wird mit derselben Sorgfalt behandelt.<\/p>\n<p><strong>Die Philosophie:<\/strong> F\u00fcr Alfonso sind Leidenschaft und Profession untrennbar.<\/p>\n<p><em>&#8220;Ich liebe es, gut zu essen. Das war der Ursprung meiner Entscheidung, nach Madrid zu gehen und Koch zu werden. Ich habe meine Leidenschaft zu meinem Beruf gemacht.&#8221;<\/em> \u2013 Alfonso Ocejo<\/p>\n<p>Willkommen im Team, Alfonso!<\/p>\n","protected":false},"excerpt":{"rendered":"<p>Alfonso Ocejo \u00fcbernimmt die Leitung der K\u00fcche Wir freuen uns, Alfonso Ocejo als neuen Chef im T-elicious Palma vorzustellen. Mit&#8230;<\/p>\n","protected":false},"author":268,"featured_media":70159,"comment_status":"closed","ping_status":"closed","sticky":false,"template":"","format":"standard","meta":{"_acf_changed":false,"footnotes":""},"categories":[39,81],"tags":[],"class_list":["post-70369","post","type-post","status-publish","format-standard","has-post-thumbnail","hentry","category-neuigkeiten","category-palma-de"],"acf":{"data_custom":"","course":"T Golf Palma ","subtitle":"","quotes":false,"gallery":false,"hero_image":69166,"wp_nav_image":false},"yoast_head":"<title>Unser neuer Chef im T-elicious Palma - T Golf<\/title>\n<meta name=\"robots\" content=\"index, follow, max-snippet:-1, max-image-preview:large, max-video-preview:-1\" \/>\n<link rel=\"canonical\" href=\"https:\/\/t-golf.club\/de\/unser-neuer-chef-im-t-elicious-palma\/\" \/>\n<meta property=\"og:locale\" content=\"de_DE\" \/>\n<meta property=\"og:type\" content=\"article\" \/>\n<meta property=\"og:title\" content=\"Unser neuer Chef im T-elicious Palma - T Golf\" \/>\n<meta property=\"og:description\" content=\"Alfonso Ocejo \u00fcbernimmt die Leitung der K\u00fcche Wir freuen uns, Alfonso Ocejo als neuen Chef im T-elicious Palma vorzustellen. Mit...\" \/>\n<meta property=\"og:url\" content=\"https:\/\/t-golf.club\/de\/unser-neuer-chef-im-t-elicious-palma\/\" \/>\n<meta property=\"og:site_name\" content=\"T Golf\" \/>\n<meta property=\"article:published_time\" content=\"2026-04-30T06:53:52+00:00\" \/>\n<meta property=\"og:image\" content=\"https:\/\/t-golf.club\/wp-content\/uploads\/2026\/04\/Alfonso-Ocejo.jpg\" \/>\n\t<meta property=\"og:image:width\" content=\"2000\" \/>\n\t<meta property=\"og:image:height\" content=\"1124\" \/>\n\t<meta property=\"og:image:type\" content=\"image\/jpeg\" \/>\n<meta name=\"author\" content=\"Elena Maria Schmidkunz\" \/>\n<meta name=\"twitter:card\" content=\"summary_large_image\" \/>\n<meta name=\"twitter:label1\" content=\"Written by\" \/>\n\t<meta name=\"twitter:data1\" content=\"Elena Maria Schmidkunz\" \/>\n\t<meta name=\"twitter:label2\" content=\"Est. reading time\" \/>\n\t<meta name=\"twitter:data2\" content=\"1 minute\" \/>\n<script type=\"application\/ld+json\" class=\"yoast-schema-graph\">{\"@context\":\"https:\\\/\\\/schema.org\",\"@graph\":[{\"@type\":\"Article\",\"@id\":\"https:\\\/\\\/t-golf.club\\\/de\\\/unser-neuer-chef-im-t-elicious-palma\\\/#article\",\"isPartOf\":{\"@id\":\"https:\\\/\\\/t-golf.club\\\/de\\\/unser-neuer-chef-im-t-elicious-palma\\\/\"},\"author\":{\"name\":\"Elena Maria Schmidkunz\",\"@id\":\"https:\\\/\\\/t-golf.club\\\/de\\\/#\\\/schema\\\/person\\\/a11f65ac40d9b6f09ee7e4199a0a3e5d\"},\"headline\":\"Unser neuer Chef im T-elicious Palma\",\"datePublished\":\"2026-04-30T06:53:52+00:00\",\"mainEntityOfPage\":{\"@id\":\"https:\\\/\\\/t-golf.club\\\/de\\\/unser-neuer-chef-im-t-elicious-palma\\\/\"},\"wordCount\":156,\"image\":{\"@id\":\"https:\\\/\\\/t-golf.club\\\/de\\\/unser-neuer-chef-im-t-elicious-palma\\\/#primaryimage\"},\"thumbnailUrl\":\"https:\\\/\\\/t-golf.club\\\/wp-content\\\/uploads\\\/2026\\\/04\\\/Alfonso-Ocejo.jpg\",\"articleSection\":[\"Neuigkeiten\",\"T Golf Palma\"],\"inLanguage\":\"de-DE\"},{\"@type\":\"WebPage\",\"@id\":\"https:\\\/\\\/t-golf.club\\\/de\\\/unser-neuer-chef-im-t-elicious-palma\\\/\",\"url\":\"https:\\\/\\\/t-golf.club\\\/de\\\/unser-neuer-chef-im-t-elicious-palma\\\/\",\"name\":\"Unser neuer Chef im T-elicious Palma - T Golf\",\"isPartOf\":{\"@id\":\"https:\\\/\\\/t-golf.club\\\/de\\\/#website\"},\"primaryImageOfPage\":{\"@id\":\"https:\\\/\\\/t-golf.club\\\/de\\\/unser-neuer-chef-im-t-elicious-palma\\\/#primaryimage\"},\"image\":{\"@id\":\"https:\\\/\\\/t-golf.club\\\/de\\\/unser-neuer-chef-im-t-elicious-palma\\\/#primaryimage\"},\"thumbnailUrl\":\"https:\\\/\\\/t-golf.club\\\/wp-content\\\/uploads\\\/2026\\\/04\\\/Alfonso-Ocejo.jpg\",\"datePublished\":\"2026-04-30T06:53:52+00:00\",\"author\":{\"@id\":\"https:\\\/\\\/t-golf.club\\\/de\\\/#\\\/schema\\\/person\\\/a11f65ac40d9b6f09ee7e4199a0a3e5d\"},\"breadcrumb\":{\"@id\":\"https:\\\/\\\/t-golf.club\\\/de\\\/unser-neuer-chef-im-t-elicious-palma\\\/#breadcrumb\"},\"inLanguage\":\"de-DE\",\"potentialAction\":[{\"@type\":\"ReadAction\",\"target\":[\"https:\\\/\\\/t-golf.club\\\/de\\\/unser-neuer-chef-im-t-elicious-palma\\\/\"]}]},{\"@type\":\"ImageObject\",\"inLanguage\":\"de-DE\",\"@id\":\"https:\\\/\\\/t-golf.club\\\/de\\\/unser-neuer-chef-im-t-elicious-palma\\\/#primaryimage\",\"url\":\"https:\\\/\\\/t-golf.club\\\/wp-content\\\/uploads\\\/2026\\\/04\\\/Alfonso-Ocejo.jpg\",\"contentUrl\":\"https:\\\/\\\/t-golf.club\\\/wp-content\\\/uploads\\\/2026\\\/04\\\/Alfonso-Ocejo.jpg\",\"width\":2000,\"height\":1124},{\"@type\":\"BreadcrumbList\",\"@id\":\"https:\\\/\\\/t-golf.club\\\/de\\\/unser-neuer-chef-im-t-elicious-palma\\\/#breadcrumb\",\"itemListElement\":[{\"@type\":\"ListItem\",\"position\":1,\"name\":\"Home\",\"item\":\"https:\\\/\\\/t-golf.club\\\/de\\\/\"},{\"@type\":\"ListItem\",\"position\":2,\"name\":\"Unser neuer Chef im T-elicious Palma\"}]},{\"@type\":\"WebSite\",\"@id\":\"https:\\\/\\\/t-golf.club\\\/de\\\/#website\",\"url\":\"https:\\\/\\\/t-golf.club\\\/de\\\/\",\"name\":\"T Golf\",\"description\":\"\",\"inLanguage\":\"de-DE\"},{\"@type\":\"Person\",\"@id\":\"https:\\\/\\\/t-golf.club\\\/de\\\/#\\\/schema\\\/person\\\/a11f65ac40d9b6f09ee7e4199a0a3e5d\",\"name\":\"Elena Maria Schmidkunz\",\"url\":\"https:\\\/\\\/t-golf.club\\\/de\\\/author\\\/elena\\\/\"}]}<\/script>","yoast_head_json":{"title":"Unser neuer Chef im T-elicious Palma - T Golf","robots":{"index":"index","follow":"follow","max-snippet":"max-snippet:-1","max-image-preview":"max-image-preview:large","max-video-preview":"max-video-preview:-1"},"canonical":"https:\/\/t-golf.club\/de\/unser-neuer-chef-im-t-elicious-palma\/","og_locale":"de_DE","og_type":"article","og_title":"Unser neuer Chef im T-elicious Palma - T Golf","og_description":"Alfonso Ocejo \u00fcbernimmt die Leitung der K\u00fcche Wir freuen uns, Alfonso Ocejo als neuen Chef im T-elicious Palma vorzustellen. Mit...","og_url":"https:\/\/t-golf.club\/de\/unser-neuer-chef-im-t-elicious-palma\/","og_site_name":"T Golf","article_published_time":"2026-04-30T06:53:52+00:00","og_image":[{"width":2000,"height":1124,"url":"https:\/\/t-golf.club\/wp-content\/uploads\/2026\/04\/Alfonso-Ocejo.jpg","type":"image\/jpeg"}],"author":"Elena Maria Schmidkunz","twitter_card":"summary_large_image","twitter_misc":{"Written by":"Elena Maria Schmidkunz","Est. reading time":"1 minute"},"schema":{"@context":"https:\/\/schema.org","@graph":[{"@type":"Article","@id":"https:\/\/t-golf.club\/de\/unser-neuer-chef-im-t-elicious-palma\/#article","isPartOf":{"@id":"https:\/\/t-golf.club\/de\/unser-neuer-chef-im-t-elicious-palma\/"},"author":{"name":"Elena Maria Schmidkunz","@id":"https:\/\/t-golf.club\/de\/#\/schema\/person\/a11f65ac40d9b6f09ee7e4199a0a3e5d"},"headline":"Unser neuer Chef im T-elicious Palma","datePublished":"2026-04-30T06:53:52+00:00","mainEntityOfPage":{"@id":"https:\/\/t-golf.club\/de\/unser-neuer-chef-im-t-elicious-palma\/"},"wordCount":156,"image":{"@id":"https:\/\/t-golf.club\/de\/unser-neuer-chef-im-t-elicious-palma\/#primaryimage"},"thumbnailUrl":"https:\/\/t-golf.club\/wp-content\/uploads\/2026\/04\/Alfonso-Ocejo.jpg","articleSection":["Neuigkeiten","T Golf Palma"],"inLanguage":"de-DE"},{"@type":"WebPage","@id":"https:\/\/t-golf.club\/de\/unser-neuer-chef-im-t-elicious-palma\/","url":"https:\/\/t-golf.club\/de\/unser-neuer-chef-im-t-elicious-palma\/","name":"Unser neuer Chef im T-elicious Palma - T Golf","isPartOf":{"@id":"https:\/\/t-golf.club\/de\/#website"},"primaryImageOfPage":{"@id":"https:\/\/t-golf.club\/de\/unser-neuer-chef-im-t-elicious-palma\/#primaryimage"},"image":{"@id":"https:\/\/t-golf.club\/de\/unser-neuer-chef-im-t-elicious-palma\/#primaryimage"},"thumbnailUrl":"https:\/\/t-golf.club\/wp-content\/uploads\/2026\/04\/Alfonso-Ocejo.jpg","datePublished":"2026-04-30T06:53:52+00:00","author":{"@id":"https:\/\/t-golf.club\/de\/#\/schema\/person\/a11f65ac40d9b6f09ee7e4199a0a3e5d"},"breadcrumb":{"@id":"https:\/\/t-golf.club\/de\/unser-neuer-chef-im-t-elicious-palma\/#breadcrumb"},"inLanguage":"de-DE","potentialAction":[{"@type":"ReadAction","target":["https:\/\/t-golf.club\/de\/unser-neuer-chef-im-t-elicious-palma\/"]}]},{"@type":"ImageObject","inLanguage":"de-DE","@id":"https:\/\/t-golf.club\/de\/unser-neuer-chef-im-t-elicious-palma\/#primaryimage","url":"https:\/\/t-golf.club\/wp-content\/uploads\/2026\/04\/Alfonso-Ocejo.jpg","contentUrl":"https:\/\/t-golf.club\/wp-content\/uploads\/2026\/04\/Alfonso-Ocejo.jpg","width":2000,"height":1124},{"@type":"BreadcrumbList","@id":"https:\/\/t-golf.club\/de\/unser-neuer-chef-im-t-elicious-palma\/#breadcrumb","itemListElement":[{"@type":"ListItem","position":1,"name":"Home","item":"https:\/\/t-golf.club\/de\/"},{"@type":"ListItem","position":2,"name":"Unser neuer Chef im T-elicious Palma"}]},{"@type":"WebSite","@id":"https:\/\/t-golf.club\/de\/#website","url":"https:\/\/t-golf.club\/de\/","name":"T Golf","description":"","inLanguage":"de-DE"},{"@type":"Person","@id":"https:\/\/t-golf.club\/de\/#\/schema\/person\/a11f65ac40d9b6f09ee7e4199a0a3e5d","name":"Elena Maria Schmidkunz","url":"https:\/\/t-golf.club\/de\/author\/elena\/"}]}},"_links":{"self":[{"href":"https:\/\/t-golf.club\/de\/wp-json\/wp\/v2\/posts\/70369","targetHints":{"allow":["GET"]}}],"collection":[{"href":"https:\/\/t-golf.club\/de\/wp-json\/wp\/v2\/posts"}],"about":[{"href":"https:\/\/t-golf.club\/de\/wp-json\/wp\/v2\/types\/post"}],"author":[{"embeddable":true,"href":"https:\/\/t-golf.club\/de\/wp-json\/wp\/v2\/users\/268"}],"replies":[{"embeddable":true,"href":"https:\/\/t-golf.club\/de\/wp-json\/wp\/v2\/comments?post=70369"}],"version-history":[{"count":1,"href":"https:\/\/t-golf.club\/de\/wp-json\/wp\/v2\/posts\/70369\/revisions"}],"predecessor-version":[{"id":70370,"href":"https:\/\/t-golf.club\/de\/wp-json\/wp\/v2\/posts\/70369\/revisions\/70370"}],"wp:featuredmedia":[{"embeddable":true,"href":"https:\/\/t-golf.club\/de\/wp-json\/wp\/v2\/media\/70159"}],"wp:attachment":[{"href":"https:\/\/t-golf.club\/de\/wp-json\/wp\/v2\/media?parent=70369"}],"wp:term":[{"taxonomy":"category","embeddable":true,"href":"https:\/\/t-golf.club\/de\/wp-json\/wp\/v2\/categories?post=70369"},{"taxonomy":"post_tag","embeddable":true,"href":"https:\/\/t-golf.club\/de\/wp-json\/wp\/v2\/tags?post=70369"}],"curies":[{"name":"wp","href":"https:\/\/api.w.org\/{rel}","templated":true}]}}