{"id":33840,"date":"2023-12-29T07:59:35","date_gmt":"2023-12-29T07:59:35","guid":{"rendered":"https:\/\/t-golf.club\/?p=33840"},"modified":"2024-02-17T10:00:35","modified_gmt":"2024-02-17T10:00:35","slug":"st-patricks-tag-turnier-im-t-golf-palma-puntiro","status":"publish","type":"post","link":"https:\/\/t-golf.club\/de\/st-patricks-tag-turnier-im-t-golf-palma-puntiro\/","title":{"rendered":"St.-Patricks-Tag Turnier im T Golf Palma Puntiro"},"content":{"rendered":"<p><strong>Am Sonntag, den 17. M\u00e4rz<\/strong>, findet unser <strong>Sankt-Patricks-Tag Turnier<\/strong> in Gr\u00fcn statt. Die Modalit\u00e4t wird <strong>Greensome im 2er-Team sein, mit Kanonenstart um 09:30 Uhr.<\/strong> Das Turnier wird im 2er-Team gespielt, wobei beide Spieler an jedem Loch abschlagen, dann w\u00e4hlen sie den am besten platzierten Ball (der andere wird aufgehoben) und spielen ihn mit abwechselnden Schl\u00e4gen weiter, bis das Loch beendet ist.<\/p>\n<p>Der Preis betr\u00e4gt 65 \u20ac pro Person f\u00fcr Mitglieder des T Palma und Calvia, 115 \u20ac pro Person f\u00fcr externe G\u00e4ste und 65 \u20ac pro Person f\u00fcr G\u00e4ste des Mittagessens.<br \/>\nIn diesem Preis sind Greenfee, Halfway, Mittagessen (inklusive Getr\u00e4nke) sowie die Siegerehrung enthalten.<\/p>\n<p>Kommen Sie in <strong>gr\u00fcner Kleidung<\/strong>, und m\u00f6ge das Gl\u00fcck der Iren mit Ihnen sein.<\/p>\n<p><strong><a href=\"https:\/\/tgolfpalma.golfmanager.com\/consumer\/activities\">Melden Sie sich hier an <\/a><\/strong><\/p>\n","protected":false},"excerpt":{"rendered":"<p>Am Sonntag, den 17. M\u00e4rz, findet unser Sankt-Patricks-Tag Turnier in Gr\u00fcn statt. Die Modalit\u00e4t wird Greensome im 2er-Team sein, mit&#8230;<\/p>\n","protected":false},"author":268,"featured_media":36070,"comment_status":"closed","ping_status":"closed","sticky":false,"template":"","format":"standard","meta":{"_acf_changed":false,"footnotes":""},"categories":[39,81],"tags":[],"class_list":["post-33840","post","type-post","status-publish","format-standard","has-post-thumbnail","hentry","category-neuigkeiten","category-palma-de"],"acf":{"data_custom":"","course":"T Golf Palma Puntiro","subtitle":"","quotes":false,"gallery":[{"ID":36070,"id":36070,"title":"20240317 St Patrick Tournament TGP_deu_LOW","filename":"20240317-St-Patrick-Tournament-TGP_deu_LOW.jpg","filesize":117938,"url":"https:\/\/t-golf.club\/wp-content\/uploads\/2023\/12\/20240317-St-Patrick-Tournament-TGP_deu_LOW.jpg","link":"https:\/\/t-golf.club\/de\/st-patricks-tag-turnier-im-t-golf-palma-puntiro\/20240317-st-patrick-tournament-tgp_deu_low\/","alt":"","author":"268","description":"","caption":"","name":"20240317-st-patrick-tournament-tgp_deu_low","status":"inherit","uploaded_to":33840,"date":"2024-02-17 10:00:20","modified":"2024-02-17 10:00:20","menu_order":0,"mime_type":"image\/jpeg","type":"image","subtype":"jpeg","icon":"https:\/\/t-golf.club\/wp-includes\/images\/media\/default.png","width":500,"height":707,"sizes":{"thumbnail":"https:\/\/t-golf.club\/wp-content\/uploads\/2023\/12\/20240317-St-Patrick-Tournament-TGP_deu_LOW-100x100.jpg","thumbnail-width":100,"thumbnail-height":100,"medium":"https:\/\/t-golf.club\/wp-content\/uploads\/2023\/12\/20240317-St-Patrick-Tournament-TGP_deu_LOW.jpg","medium-width":500,"medium-height":707,"medium_large":"https:\/\/t-golf.club\/wp-content\/uploads\/2023\/12\/20240317-St-Patrick-Tournament-TGP_deu_LOW.jpg","medium_large-width":500,"medium_large-height":707,"large":"https:\/\/t-golf.club\/wp-content\/uploads\/2023\/12\/20240317-St-Patrick-Tournament-TGP_deu_LOW.jpg","large-width":500,"large-height":707,"1536x1536":"https:\/\/t-golf.club\/wp-content\/uploads\/2023\/12\/20240317-St-Patrick-Tournament-TGP_deu_LOW.jpg","1536x1536-width":500,"1536x1536-height":707,"2048x2048":"https:\/\/t-golf.club\/wp-content\/uploads\/2023\/12\/20240317-St-Patrick-Tournament-TGP_deu_LOW.jpg","2048x2048-width":500,"2048x2048-height":707}}],"hero_image":false,"wp_nav_image":false},"yoast_head":"<title>St.-Patricks-Tag Turnier im T Golf Palma Puntiro - T Golf<\/title>\n<meta name=\"robots\" content=\"index, follow, max-snippet:-1, max-image-preview:large, max-video-preview:-1\" \/>\n<link rel=\"canonical\" href=\"https:\/\/t-golf.club\/de\/st-patricks-tag-turnier-im-t-golf-palma-puntiro\/\" \/>\n<meta property=\"og:locale\" content=\"de_DE\" \/>\n<meta property=\"og:type\" content=\"article\" \/>\n<meta property=\"og:title\" content=\"St.-Patricks-Tag Turnier im T Golf Palma Puntiro - T Golf\" \/>\n<meta property=\"og:description\" content=\"Am Sonntag, den 17. M\u00e4rz, findet unser Sankt-Patricks-Tag Turnier in Gr\u00fcn statt. Die Modalit\u00e4t wird Greensome im 2er-Team sein, mit...\" \/>\n<meta property=\"og:url\" content=\"https:\/\/t-golf.club\/de\/st-patricks-tag-turnier-im-t-golf-palma-puntiro\/\" \/>\n<meta property=\"og:site_name\" content=\"T Golf\" \/>\n<meta property=\"article:published_time\" content=\"2023-12-29T07:59:35+00:00\" \/>\n<meta property=\"article:modified_time\" content=\"2024-02-17T10:00:35+00:00\" \/>\n<meta property=\"og:image\" content=\"https:\/\/t-golf.club\/wp-content\/uploads\/2023\/12\/20240317-St-Patrick-Tournament-TGP_deu_LOW.jpg\" \/>\n\t<meta property=\"og:image:width\" content=\"500\" \/>\n\t<meta property=\"og:image:height\" content=\"707\" \/>\n\t<meta property=\"og:image:type\" content=\"image\/jpeg\" \/>\n<meta name=\"author\" content=\"Elena Maria Schmidkunz\" \/>\n<meta name=\"twitter:card\" content=\"summary_large_image\" \/>\n<meta name=\"twitter:label1\" content=\"Written by\" \/>\n\t<meta name=\"twitter:data1\" content=\"Elena Maria Schmidkunz\" \/>\n\t<meta name=\"twitter:label2\" content=\"Est. reading time\" \/>\n\t<meta name=\"twitter:data2\" content=\"1 minute\" \/>\n<script type=\"application\/ld+json\" class=\"yoast-schema-graph\">{\"@context\":\"https:\\\/\\\/schema.org\",\"@graph\":[{\"@type\":\"Article\",\"@id\":\"https:\\\/\\\/t-golf.club\\\/de\\\/st-patricks-tag-turnier-im-t-golf-palma-puntiro\\\/#article\",\"isPartOf\":{\"@id\":\"https:\\\/\\\/t-golf.club\\\/de\\\/st-patricks-tag-turnier-im-t-golf-palma-puntiro\\\/\"},\"author\":{\"name\":\"Elena Maria Schmidkunz\",\"@id\":\"https:\\\/\\\/t-golf.club\\\/de\\\/#\\\/schema\\\/person\\\/a11f65ac40d9b6f09ee7e4199a0a3e5d\"},\"headline\":\"St.-Patricks-Tag Turnier im T Golf Palma Puntiro\",\"datePublished\":\"2023-12-29T07:59:35+00:00\",\"dateModified\":\"2024-02-17T10:00:35+00:00\",\"mainEntityOfPage\":{\"@id\":\"https:\\\/\\\/t-golf.club\\\/de\\\/st-patricks-tag-turnier-im-t-golf-palma-puntiro\\\/\"},\"wordCount\":138,\"image\":{\"@id\":\"https:\\\/\\\/t-golf.club\\\/de\\\/st-patricks-tag-turnier-im-t-golf-palma-puntiro\\\/#primaryimage\"},\"thumbnailUrl\":\"https:\\\/\\\/t-golf.club\\\/wp-content\\\/uploads\\\/2023\\\/12\\\/20240317-St-Patrick-Tournament-TGP_deu_LOW.jpg\",\"articleSection\":[\"Neuigkeiten\",\"T Golf Palma\"],\"inLanguage\":\"de-DE\"},{\"@type\":\"WebPage\",\"@id\":\"https:\\\/\\\/t-golf.club\\\/de\\\/st-patricks-tag-turnier-im-t-golf-palma-puntiro\\\/\",\"url\":\"https:\\\/\\\/t-golf.club\\\/de\\\/st-patricks-tag-turnier-im-t-golf-palma-puntiro\\\/\",\"name\":\"St.-Patricks-Tag Turnier im T Golf Palma Puntiro - T Golf\",\"isPartOf\":{\"@id\":\"https:\\\/\\\/t-golf.club\\\/de\\\/#website\"},\"primaryImageOfPage\":{\"@id\":\"https:\\\/\\\/t-golf.club\\\/de\\\/st-patricks-tag-turnier-im-t-golf-palma-puntiro\\\/#primaryimage\"},\"image\":{\"@id\":\"https:\\\/\\\/t-golf.club\\\/de\\\/st-patricks-tag-turnier-im-t-golf-palma-puntiro\\\/#primaryimage\"},\"thumbnailUrl\":\"https:\\\/\\\/t-golf.club\\\/wp-content\\\/uploads\\\/2023\\\/12\\\/20240317-St-Patrick-Tournament-TGP_deu_LOW.jpg\",\"datePublished\":\"2023-12-29T07:59:35+00:00\",\"dateModified\":\"2024-02-17T10:00:35+00:00\",\"author\":{\"@id\":\"https:\\\/\\\/t-golf.club\\\/de\\\/#\\\/schema\\\/person\\\/a11f65ac40d9b6f09ee7e4199a0a3e5d\"},\"breadcrumb\":{\"@id\":\"https:\\\/\\\/t-golf.club\\\/de\\\/st-patricks-tag-turnier-im-t-golf-palma-puntiro\\\/#breadcrumb\"},\"inLanguage\":\"de-DE\",\"potentialAction\":[{\"@type\":\"ReadAction\",\"target\":[\"https:\\\/\\\/t-golf.club\\\/de\\\/st-patricks-tag-turnier-im-t-golf-palma-puntiro\\\/\"]}]},{\"@type\":\"ImageObject\",\"inLanguage\":\"de-DE\",\"@id\":\"https:\\\/\\\/t-golf.club\\\/de\\\/st-patricks-tag-turnier-im-t-golf-palma-puntiro\\\/#primaryimage\",\"url\":\"https:\\\/\\\/t-golf.club\\\/wp-content\\\/uploads\\\/2023\\\/12\\\/20240317-St-Patrick-Tournament-TGP_deu_LOW.jpg\",\"contentUrl\":\"https:\\\/\\\/t-golf.club\\\/wp-content\\\/uploads\\\/2023\\\/12\\\/20240317-St-Patrick-Tournament-TGP_deu_LOW.jpg\",\"width\":500,\"height\":707},{\"@type\":\"BreadcrumbList\",\"@id\":\"https:\\\/\\\/t-golf.club\\\/de\\\/st-patricks-tag-turnier-im-t-golf-palma-puntiro\\\/#breadcrumb\",\"itemListElement\":[{\"@type\":\"ListItem\",\"position\":1,\"name\":\"Home\",\"item\":\"https:\\\/\\\/t-golf.club\\\/de\\\/\"},{\"@type\":\"ListItem\",\"position\":2,\"name\":\"St.-Patricks-Tag Turnier im T Golf Palma Puntiro\"}]},{\"@type\":\"WebSite\",\"@id\":\"https:\\\/\\\/t-golf.club\\\/de\\\/#website\",\"url\":\"https:\\\/\\\/t-golf.club\\\/de\\\/\",\"name\":\"T Golf\",\"description\":\"\",\"inLanguage\":\"de-DE\"},{\"@type\":\"Person\",\"@id\":\"https:\\\/\\\/t-golf.club\\\/de\\\/#\\\/schema\\\/person\\\/a11f65ac40d9b6f09ee7e4199a0a3e5d\",\"name\":\"Elena Maria Schmidkunz\",\"url\":\"https:\\\/\\\/t-golf.club\\\/de\\\/author\\\/elena\\\/\"}]}<\/script>","yoast_head_json":{"title":"St.-Patricks-Tag Turnier im T Golf Palma Puntiro - T Golf","robots":{"index":"index","follow":"follow","max-snippet":"max-snippet:-1","max-image-preview":"max-image-preview:large","max-video-preview":"max-video-preview:-1"},"canonical":"https:\/\/t-golf.club\/de\/st-patricks-tag-turnier-im-t-golf-palma-puntiro\/","og_locale":"de_DE","og_type":"article","og_title":"St.-Patricks-Tag Turnier im T Golf Palma Puntiro - T Golf","og_description":"Am Sonntag, den 17. M\u00e4rz, findet unser Sankt-Patricks-Tag Turnier in Gr\u00fcn statt. Die Modalit\u00e4t wird Greensome im 2er-Team sein, mit...","og_url":"https:\/\/t-golf.club\/de\/st-patricks-tag-turnier-im-t-golf-palma-puntiro\/","og_site_name":"T Golf","article_published_time":"2023-12-29T07:59:35+00:00","article_modified_time":"2024-02-17T10:00:35+00:00","og_image":[{"width":500,"height":707,"url":"https:\/\/t-golf.club\/wp-content\/uploads\/2023\/12\/20240317-St-Patrick-Tournament-TGP_deu_LOW.jpg","type":"image\/jpeg"}],"author":"Elena Maria Schmidkunz","twitter_card":"summary_large_image","twitter_misc":{"Written by":"Elena Maria Schmidkunz","Est. reading time":"1 minute"},"schema":{"@context":"https:\/\/schema.org","@graph":[{"@type":"Article","@id":"https:\/\/t-golf.club\/de\/st-patricks-tag-turnier-im-t-golf-palma-puntiro\/#article","isPartOf":{"@id":"https:\/\/t-golf.club\/de\/st-patricks-tag-turnier-im-t-golf-palma-puntiro\/"},"author":{"name":"Elena Maria Schmidkunz","@id":"https:\/\/t-golf.club\/de\/#\/schema\/person\/a11f65ac40d9b6f09ee7e4199a0a3e5d"},"headline":"St.-Patricks-Tag Turnier im T Golf Palma Puntiro","datePublished":"2023-12-29T07:59:35+00:00","dateModified":"2024-02-17T10:00:35+00:00","mainEntityOfPage":{"@id":"https:\/\/t-golf.club\/de\/st-patricks-tag-turnier-im-t-golf-palma-puntiro\/"},"wordCount":138,"image":{"@id":"https:\/\/t-golf.club\/de\/st-patricks-tag-turnier-im-t-golf-palma-puntiro\/#primaryimage"},"thumbnailUrl":"https:\/\/t-golf.club\/wp-content\/uploads\/2023\/12\/20240317-St-Patrick-Tournament-TGP_deu_LOW.jpg","articleSection":["Neuigkeiten","T Golf Palma"],"inLanguage":"de-DE"},{"@type":"WebPage","@id":"https:\/\/t-golf.club\/de\/st-patricks-tag-turnier-im-t-golf-palma-puntiro\/","url":"https:\/\/t-golf.club\/de\/st-patricks-tag-turnier-im-t-golf-palma-puntiro\/","name":"St.-Patricks-Tag Turnier im T Golf Palma Puntiro - T Golf","isPartOf":{"@id":"https:\/\/t-golf.club\/de\/#website"},"primaryImageOfPage":{"@id":"https:\/\/t-golf.club\/de\/st-patricks-tag-turnier-im-t-golf-palma-puntiro\/#primaryimage"},"image":{"@id":"https:\/\/t-golf.club\/de\/st-patricks-tag-turnier-im-t-golf-palma-puntiro\/#primaryimage"},"thumbnailUrl":"https:\/\/t-golf.club\/wp-content\/uploads\/2023\/12\/20240317-St-Patrick-Tournament-TGP_deu_LOW.jpg","datePublished":"2023-12-29T07:59:35+00:00","dateModified":"2024-02-17T10:00:35+00:00","author":{"@id":"https:\/\/t-golf.club\/de\/#\/schema\/person\/a11f65ac40d9b6f09ee7e4199a0a3e5d"},"breadcrumb":{"@id":"https:\/\/t-golf.club\/de\/st-patricks-tag-turnier-im-t-golf-palma-puntiro\/#breadcrumb"},"inLanguage":"de-DE","potentialAction":[{"@type":"ReadAction","target":["https:\/\/t-golf.club\/de\/st-patricks-tag-turnier-im-t-golf-palma-puntiro\/"]}]},{"@type":"ImageObject","inLanguage":"de-DE","@id":"https:\/\/t-golf.club\/de\/st-patricks-tag-turnier-im-t-golf-palma-puntiro\/#primaryimage","url":"https:\/\/t-golf.club\/wp-content\/uploads\/2023\/12\/20240317-St-Patrick-Tournament-TGP_deu_LOW.jpg","contentUrl":"https:\/\/t-golf.club\/wp-content\/uploads\/2023\/12\/20240317-St-Patrick-Tournament-TGP_deu_LOW.jpg","width":500,"height":707},{"@type":"BreadcrumbList","@id":"https:\/\/t-golf.club\/de\/st-patricks-tag-turnier-im-t-golf-palma-puntiro\/#breadcrumb","itemListElement":[{"@type":"ListItem","position":1,"name":"Home","item":"https:\/\/t-golf.club\/de\/"},{"@type":"ListItem","position":2,"name":"St.-Patricks-Tag Turnier im T Golf Palma Puntiro"}]},{"@type":"WebSite","@id":"https:\/\/t-golf.club\/de\/#website","url":"https:\/\/t-golf.club\/de\/","name":"T Golf","description":"","inLanguage":"de-DE"},{"@type":"Person","@id":"https:\/\/t-golf.club\/de\/#\/schema\/person\/a11f65ac40d9b6f09ee7e4199a0a3e5d","name":"Elena Maria Schmidkunz","url":"https:\/\/t-golf.club\/de\/author\/elena\/"}]}},"_links":{"self":[{"href":"https:\/\/t-golf.club\/de\/wp-json\/wp\/v2\/posts\/33840","targetHints":{"allow":["GET"]}}],"collection":[{"href":"https:\/\/t-golf.club\/de\/wp-json\/wp\/v2\/posts"}],"about":[{"href":"https:\/\/t-golf.club\/de\/wp-json\/wp\/v2\/types\/post"}],"author":[{"embeddable":true,"href":"https:\/\/t-golf.club\/de\/wp-json\/wp\/v2\/users\/268"}],"replies":[{"embeddable":true,"href":"https:\/\/t-golf.club\/de\/wp-json\/wp\/v2\/comments?post=33840"}],"version-history":[{"count":2,"href":"https:\/\/t-golf.club\/de\/wp-json\/wp\/v2\/posts\/33840\/revisions"}],"predecessor-version":[{"id":36073,"href":"https:\/\/t-golf.club\/de\/wp-json\/wp\/v2\/posts\/33840\/revisions\/36073"}],"wp:featuredmedia":[{"embeddable":true,"href":"https:\/\/t-golf.club\/de\/wp-json\/wp\/v2\/media\/36070"}],"wp:attachment":[{"href":"https:\/\/t-golf.club\/de\/wp-json\/wp\/v2\/media?parent=33840"}],"wp:term":[{"taxonomy":"category","embeddable":true,"href":"https:\/\/t-golf.club\/de\/wp-json\/wp\/v2\/categories?post=33840"},{"taxonomy":"post_tag","embeddable":true,"href":"https:\/\/t-golf.club\/de\/wp-json\/wp\/v2\/tags?post=33840"}],"curies":[{"name":"wp","href":"https:\/\/api.w.org\/{rel}","templated":true}]}}