{"id":28748,"date":"2023-06-25T12:05:15","date_gmt":"2023-06-25T12:05:15","guid":{"rendered":"https:\/\/t-golf.club\/?p=28748"},"modified":"2023-06-25T12:05:15","modified_gmt":"2023-06-25T12:05:15","slug":"sommercamp-fuer-kinder","status":"publish","type":"post","link":"https:\/\/t-golf.club\/de\/sommercamp-fuer-kinder\/","title":{"rendered":"Sommercamp f\u00fcr Kinder"},"content":{"rendered":"<p>Diesen Juli ist es an der Zeit, dass sich Ihr Kind in das Spiel verliebt und seine lebenslange Leidenschaft auf dem richtigen Fu\u00df beginnt. Das Camp findet von <strong>Montag bis Freitag von 9:00 bis 15:00 Uhr<\/strong> statt. In dieser Zeit erh\u00e4lt Ihr Kind drei Stunden Training mit <strong>Pro Borja Nieto (PGA und Nationalmannschaftstrainer)<\/strong>, gefolgt von 45 Minuten k\u00f6rperlicher Vorbereitung durch <strong>Moritz Beyer (TSAF)<\/strong>, die an das Alter des Kindes angepasst ist. Wir beenden die Woche mit einem <strong>offiziellen 9-Loch-Turnier am Freitag<\/strong>. Das gesamte erforderliche Material ist im Kurs enthalten.<\/p>\n<ul>\n<li>TGA-Sch\u00fcler: \u20ac 245 pro Woche<\/li>\n<li>Externe: \u20ac 275 pro Woche<\/li>\n<li>Men\u00fc: \u20ac 75 pro Woche<\/li>\n<\/ul>\n<p>10% Erm\u00e4\u00dfigung f\u00fcr Geschwister, 10% Erm\u00e4\u00dfigung f\u00fcr mehr als eine Woche. Die Preise enthalten die Mehrwertsteuer. Die Erm\u00e4\u00dfigungen sind nicht kumulierbar.<br \/>\nEine Mindestteilnehmerzahl von 6 Personen pro Gruppe ist erforderlich. Alter zwischen 5 und 18 Jahren.<\/p>\n<p>F\u00fcr Reservierungen kontaktieren Sie bitte: <a href=\"mailto:academy.palma@t-golf.club\">academy.palma@t-golf.club<\/a> oder rufen Sie <strong>+34 690057320<\/strong> an.<\/p>\n","protected":false},"excerpt":{"rendered":"<p>Diesen Juli ist es an der Zeit, dass sich Ihr Kind in das Spiel verliebt und seine lebenslange Leidenschaft auf&#8230;<\/p>\n","protected":false},"author":268,"featured_media":28749,"comment_status":"closed","ping_status":"closed","sticky":false,"template":"","format":"standard","meta":{"_acf_changed":false,"footnotes":""},"categories":[39,81],"tags":[],"class_list":["post-28748","post","type-post","status-publish","format-standard","has-post-thumbnail","hentry","category-neuigkeiten","category-palma-de"],"acf":{"data_custom":"","course":"T Golf Palma Puntiro","subtitle":"","quotes":false,"gallery":[{"ID":28749,"id":28749,"title":"Foto Campamento verano ALEMAN","filename":"Foto-Campamento-verano-ALEMAN.jpg","filesize":67360,"url":"https:\/\/t-golf.club\/wp-content\/uploads\/2023\/06\/Foto-Campamento-verano-ALEMAN.jpg","link":"https:\/\/t-golf.club\/de\/sommercamp-fuer-kinder\/foto-campamento-verano-aleman\/","alt":"","author":"268","description":"","caption":"","name":"foto-campamento-verano-aleman","status":"inherit","uploaded_to":28748,"date":"2023-06-23 13:33:14","modified":"2023-06-23 13:33:14","menu_order":0,"mime_type":"image\/jpeg","type":"image","subtype":"jpeg","icon":"https:\/\/t-golf.club\/wp-includes\/images\/media\/default.png","width":500,"height":394,"sizes":{"thumbnail":"https:\/\/t-golf.club\/wp-content\/uploads\/2023\/06\/Foto-Campamento-verano-ALEMAN-100x100.jpg","thumbnail-width":100,"thumbnail-height":100,"medium":"https:\/\/t-golf.club\/wp-content\/uploads\/2023\/06\/Foto-Campamento-verano-ALEMAN.jpg","medium-width":500,"medium-height":394,"medium_large":"https:\/\/t-golf.club\/wp-content\/uploads\/2023\/06\/Foto-Campamento-verano-ALEMAN.jpg","medium_large-width":500,"medium_large-height":394,"large":"https:\/\/t-golf.club\/wp-content\/uploads\/2023\/06\/Foto-Campamento-verano-ALEMAN.jpg","large-width":500,"large-height":394,"1536x1536":"https:\/\/t-golf.club\/wp-content\/uploads\/2023\/06\/Foto-Campamento-verano-ALEMAN.jpg","1536x1536-width":500,"1536x1536-height":394,"2048x2048":"https:\/\/t-golf.club\/wp-content\/uploads\/2023\/06\/Foto-Campamento-verano-ALEMAN.jpg","2048x2048-width":500,"2048x2048-height":394}}],"hero_image":false,"wp_nav_image":false},"yoast_head":"<title>Sommercamp f\u00fcr Kinder - T Golf<\/title>\n<meta name=\"robots\" content=\"index, follow, max-snippet:-1, max-image-preview:large, max-video-preview:-1\" \/>\n<link rel=\"canonical\" href=\"https:\/\/t-golf.club\/de\/sommercamp-fuer-kinder\/\" \/>\n<meta property=\"og:locale\" content=\"de_DE\" \/>\n<meta property=\"og:type\" content=\"article\" \/>\n<meta property=\"og:title\" content=\"Sommercamp f\u00fcr Kinder - T Golf\" \/>\n<meta property=\"og:description\" content=\"Diesen Juli ist es an der Zeit, dass sich Ihr Kind in das Spiel verliebt und seine lebenslange Leidenschaft auf...\" \/>\n<meta property=\"og:url\" content=\"https:\/\/t-golf.club\/de\/sommercamp-fuer-kinder\/\" \/>\n<meta property=\"og:site_name\" content=\"T Golf\" \/>\n<meta property=\"article:published_time\" content=\"2023-06-25T12:05:15+00:00\" \/>\n<meta property=\"og:image\" content=\"https:\/\/t-golf.club\/wp-content\/uploads\/2023\/06\/Foto-Campamento-verano-ALEMAN.jpg\" \/>\n\t<meta property=\"og:image:width\" content=\"500\" \/>\n\t<meta property=\"og:image:height\" content=\"394\" \/>\n\t<meta property=\"og:image:type\" content=\"image\/jpeg\" \/>\n<meta name=\"author\" content=\"Elena Maria Schmidkunz\" \/>\n<meta name=\"twitter:card\" content=\"summary_large_image\" \/>\n<meta name=\"twitter:label1\" content=\"Written by\" \/>\n\t<meta name=\"twitter:data1\" content=\"Elena Maria Schmidkunz\" \/>\n\t<meta name=\"twitter:label2\" content=\"Est. reading time\" \/>\n\t<meta name=\"twitter:data2\" content=\"1 minute\" \/>\n<script type=\"application\/ld+json\" class=\"yoast-schema-graph\">{\"@context\":\"https:\\\/\\\/schema.org\",\"@graph\":[{\"@type\":\"Article\",\"@id\":\"https:\\\/\\\/t-golf.club\\\/de\\\/sommercamp-fuer-kinder\\\/#article\",\"isPartOf\":{\"@id\":\"https:\\\/\\\/t-golf.club\\\/de\\\/sommercamp-fuer-kinder\\\/\"},\"author\":{\"name\":\"Elena Maria Schmidkunz\",\"@id\":\"https:\\\/\\\/t-golf.club\\\/de\\\/#\\\/schema\\\/person\\\/a11f65ac40d9b6f09ee7e4199a0a3e5d\"},\"headline\":\"Sommercamp f\u00fcr Kinder\",\"datePublished\":\"2023-06-25T12:05:15+00:00\",\"mainEntityOfPage\":{\"@id\":\"https:\\\/\\\/t-golf.club\\\/de\\\/sommercamp-fuer-kinder\\\/\"},\"wordCount\":152,\"image\":{\"@id\":\"https:\\\/\\\/t-golf.club\\\/de\\\/sommercamp-fuer-kinder\\\/#primaryimage\"},\"thumbnailUrl\":\"https:\\\/\\\/t-golf.club\\\/wp-content\\\/uploads\\\/2023\\\/06\\\/Foto-Campamento-verano-ALEMAN.jpg\",\"articleSection\":[\"Neuigkeiten\",\"T Golf Palma\"],\"inLanguage\":\"de-DE\"},{\"@type\":\"WebPage\",\"@id\":\"https:\\\/\\\/t-golf.club\\\/de\\\/sommercamp-fuer-kinder\\\/\",\"url\":\"https:\\\/\\\/t-golf.club\\\/de\\\/sommercamp-fuer-kinder\\\/\",\"name\":\"Sommercamp f\u00fcr Kinder - T Golf\",\"isPartOf\":{\"@id\":\"https:\\\/\\\/t-golf.club\\\/de\\\/#website\"},\"primaryImageOfPage\":{\"@id\":\"https:\\\/\\\/t-golf.club\\\/de\\\/sommercamp-fuer-kinder\\\/#primaryimage\"},\"image\":{\"@id\":\"https:\\\/\\\/t-golf.club\\\/de\\\/sommercamp-fuer-kinder\\\/#primaryimage\"},\"thumbnailUrl\":\"https:\\\/\\\/t-golf.club\\\/wp-content\\\/uploads\\\/2023\\\/06\\\/Foto-Campamento-verano-ALEMAN.jpg\",\"datePublished\":\"2023-06-25T12:05:15+00:00\",\"author\":{\"@id\":\"https:\\\/\\\/t-golf.club\\\/de\\\/#\\\/schema\\\/person\\\/a11f65ac40d9b6f09ee7e4199a0a3e5d\"},\"breadcrumb\":{\"@id\":\"https:\\\/\\\/t-golf.club\\\/de\\\/sommercamp-fuer-kinder\\\/#breadcrumb\"},\"inLanguage\":\"de-DE\",\"potentialAction\":[{\"@type\":\"ReadAction\",\"target\":[\"https:\\\/\\\/t-golf.club\\\/de\\\/sommercamp-fuer-kinder\\\/\"]}]},{\"@type\":\"ImageObject\",\"inLanguage\":\"de-DE\",\"@id\":\"https:\\\/\\\/t-golf.club\\\/de\\\/sommercamp-fuer-kinder\\\/#primaryimage\",\"url\":\"https:\\\/\\\/t-golf.club\\\/wp-content\\\/uploads\\\/2023\\\/06\\\/Foto-Campamento-verano-ALEMAN.jpg\",\"contentUrl\":\"https:\\\/\\\/t-golf.club\\\/wp-content\\\/uploads\\\/2023\\\/06\\\/Foto-Campamento-verano-ALEMAN.jpg\",\"width\":500,\"height\":394},{\"@type\":\"BreadcrumbList\",\"@id\":\"https:\\\/\\\/t-golf.club\\\/de\\\/sommercamp-fuer-kinder\\\/#breadcrumb\",\"itemListElement\":[{\"@type\":\"ListItem\",\"position\":1,\"name\":\"Home\",\"item\":\"https:\\\/\\\/t-golf.club\\\/de\\\/\"},{\"@type\":\"ListItem\",\"position\":2,\"name\":\"Sommercamp f\u00fcr Kinder\"}]},{\"@type\":\"WebSite\",\"@id\":\"https:\\\/\\\/t-golf.club\\\/de\\\/#website\",\"url\":\"https:\\\/\\\/t-golf.club\\\/de\\\/\",\"name\":\"T Golf\",\"description\":\"\",\"inLanguage\":\"de-DE\"},{\"@type\":\"Person\",\"@id\":\"https:\\\/\\\/t-golf.club\\\/de\\\/#\\\/schema\\\/person\\\/a11f65ac40d9b6f09ee7e4199a0a3e5d\",\"name\":\"Elena Maria Schmidkunz\",\"url\":\"https:\\\/\\\/t-golf.club\\\/de\\\/author\\\/elena\\\/\"}]}<\/script>","yoast_head_json":{"title":"Sommercamp f\u00fcr Kinder - T Golf","robots":{"index":"index","follow":"follow","max-snippet":"max-snippet:-1","max-image-preview":"max-image-preview:large","max-video-preview":"max-video-preview:-1"},"canonical":"https:\/\/t-golf.club\/de\/sommercamp-fuer-kinder\/","og_locale":"de_DE","og_type":"article","og_title":"Sommercamp f\u00fcr Kinder - T Golf","og_description":"Diesen Juli ist es an der Zeit, dass sich Ihr Kind in das Spiel verliebt und seine lebenslange Leidenschaft auf...","og_url":"https:\/\/t-golf.club\/de\/sommercamp-fuer-kinder\/","og_site_name":"T Golf","article_published_time":"2023-06-25T12:05:15+00:00","og_image":[{"width":500,"height":394,"url":"https:\/\/t-golf.club\/wp-content\/uploads\/2023\/06\/Foto-Campamento-verano-ALEMAN.jpg","type":"image\/jpeg"}],"author":"Elena Maria Schmidkunz","twitter_card":"summary_large_image","twitter_misc":{"Written by":"Elena Maria Schmidkunz","Est. reading time":"1 minute"},"schema":{"@context":"https:\/\/schema.org","@graph":[{"@type":"Article","@id":"https:\/\/t-golf.club\/de\/sommercamp-fuer-kinder\/#article","isPartOf":{"@id":"https:\/\/t-golf.club\/de\/sommercamp-fuer-kinder\/"},"author":{"name":"Elena Maria Schmidkunz","@id":"https:\/\/t-golf.club\/de\/#\/schema\/person\/a11f65ac40d9b6f09ee7e4199a0a3e5d"},"headline":"Sommercamp f\u00fcr Kinder","datePublished":"2023-06-25T12:05:15+00:00","mainEntityOfPage":{"@id":"https:\/\/t-golf.club\/de\/sommercamp-fuer-kinder\/"},"wordCount":152,"image":{"@id":"https:\/\/t-golf.club\/de\/sommercamp-fuer-kinder\/#primaryimage"},"thumbnailUrl":"https:\/\/t-golf.club\/wp-content\/uploads\/2023\/06\/Foto-Campamento-verano-ALEMAN.jpg","articleSection":["Neuigkeiten","T Golf Palma"],"inLanguage":"de-DE"},{"@type":"WebPage","@id":"https:\/\/t-golf.club\/de\/sommercamp-fuer-kinder\/","url":"https:\/\/t-golf.club\/de\/sommercamp-fuer-kinder\/","name":"Sommercamp f\u00fcr Kinder - T Golf","isPartOf":{"@id":"https:\/\/t-golf.club\/de\/#website"},"primaryImageOfPage":{"@id":"https:\/\/t-golf.club\/de\/sommercamp-fuer-kinder\/#primaryimage"},"image":{"@id":"https:\/\/t-golf.club\/de\/sommercamp-fuer-kinder\/#primaryimage"},"thumbnailUrl":"https:\/\/t-golf.club\/wp-content\/uploads\/2023\/06\/Foto-Campamento-verano-ALEMAN.jpg","datePublished":"2023-06-25T12:05:15+00:00","author":{"@id":"https:\/\/t-golf.club\/de\/#\/schema\/person\/a11f65ac40d9b6f09ee7e4199a0a3e5d"},"breadcrumb":{"@id":"https:\/\/t-golf.club\/de\/sommercamp-fuer-kinder\/#breadcrumb"},"inLanguage":"de-DE","potentialAction":[{"@type":"ReadAction","target":["https:\/\/t-golf.club\/de\/sommercamp-fuer-kinder\/"]}]},{"@type":"ImageObject","inLanguage":"de-DE","@id":"https:\/\/t-golf.club\/de\/sommercamp-fuer-kinder\/#primaryimage","url":"https:\/\/t-golf.club\/wp-content\/uploads\/2023\/06\/Foto-Campamento-verano-ALEMAN.jpg","contentUrl":"https:\/\/t-golf.club\/wp-content\/uploads\/2023\/06\/Foto-Campamento-verano-ALEMAN.jpg","width":500,"height":394},{"@type":"BreadcrumbList","@id":"https:\/\/t-golf.club\/de\/sommercamp-fuer-kinder\/#breadcrumb","itemListElement":[{"@type":"ListItem","position":1,"name":"Home","item":"https:\/\/t-golf.club\/de\/"},{"@type":"ListItem","position":2,"name":"Sommercamp f\u00fcr Kinder"}]},{"@type":"WebSite","@id":"https:\/\/t-golf.club\/de\/#website","url":"https:\/\/t-golf.club\/de\/","name":"T Golf","description":"","inLanguage":"de-DE"},{"@type":"Person","@id":"https:\/\/t-golf.club\/de\/#\/schema\/person\/a11f65ac40d9b6f09ee7e4199a0a3e5d","name":"Elena Maria Schmidkunz","url":"https:\/\/t-golf.club\/de\/author\/elena\/"}]}},"_links":{"self":[{"href":"https:\/\/t-golf.club\/de\/wp-json\/wp\/v2\/posts\/28748","targetHints":{"allow":["GET"]}}],"collection":[{"href":"https:\/\/t-golf.club\/de\/wp-json\/wp\/v2\/posts"}],"about":[{"href":"https:\/\/t-golf.club\/de\/wp-json\/wp\/v2\/types\/post"}],"author":[{"embeddable":true,"href":"https:\/\/t-golf.club\/de\/wp-json\/wp\/v2\/users\/268"}],"replies":[{"embeddable":true,"href":"https:\/\/t-golf.club\/de\/wp-json\/wp\/v2\/comments?post=28748"}],"version-history":[{"count":2,"href":"https:\/\/t-golf.club\/de\/wp-json\/wp\/v2\/posts\/28748\/revisions"}],"predecessor-version":[{"id":28753,"href":"https:\/\/t-golf.club\/de\/wp-json\/wp\/v2\/posts\/28748\/revisions\/28753"}],"wp:featuredmedia":[{"embeddable":true,"href":"https:\/\/t-golf.club\/de\/wp-json\/wp\/v2\/media\/28749"}],"wp:attachment":[{"href":"https:\/\/t-golf.club\/de\/wp-json\/wp\/v2\/media?parent=28748"}],"wp:term":[{"taxonomy":"category","embeddable":true,"href":"https:\/\/t-golf.club\/de\/wp-json\/wp\/v2\/categories?post=28748"},{"taxonomy":"post_tag","embeddable":true,"href":"https:\/\/t-golf.club\/de\/wp-json\/wp\/v2\/tags?post=28748"}],"curies":[{"name":"wp","href":"https:\/\/api.w.org\/{rel}","templated":true}]}}